{"id":1007,"date":"2024-08-20T13:14:06","date_gmt":"2024-08-20T13:14:06","guid":{"rendered":"http:\/\/cepcvsantabarbara.com.br\/wp\/?p=1007"},"modified":"2024-08-20T13:14:06","modified_gmt":"2024-08-20T13:14:06","slug":"movimento-black-lives-matter","status":"publish","type":"post","link":"https:\/\/cepcvsantabarbara.com.br\/wp\/2024\/08\/20\/movimento-black-lives-matter\/","title":{"rendered":"Movimento &#8220;Black Lives Matter&#8221;"},"content":{"rendered":"\n<p>Movimento &#8220;Black Lives Matter&#8221; est\u00e1 sendo discutido e promovido no Col\u00e9gio Estadual Professor Carlos Valadares, localizado em Santa B\u00e1rbara, Bahia.<br>\u00c9 iniciativa \u00e9 muito importante, especialmente em ambientes educacionais, onde \u00e9 poss\u00edvel sensibilizar e educar jovens sobre quest\u00f5es de racismo, desigualdade, e justi\u00e7a social.<br>Atrav\u00e9s de Palestras, Workshops, Debates, Roda de Conversa para que os alunos possam discutir suas experi\u00eancias e reflex\u00f5es sobre o racismo e a import\u00e2ncia do movimento &#8220;Black Lives Matter&#8221;.<\/p>\n\n\n\n<figure class=\"wp-block-embed is-type-video is-provider-youtube wp-block-embed-youtube wp-embed-aspect-16-9 wp-has-aspect-ratio\"><div class=\"wp-block-embed__wrapper\">\n<iframe loading=\"lazy\" title=\"Movimento &quot;Black Lives Matter&quot; no CEPCV\" width=\"860\" height=\"484\" src=\"https:\/\/www.youtube.com\/embed\/V2iCBMpQuNg?feature=oembed\" frameborder=\"0\" allow=\"accelerometer; autoplay; clipboard-write; encrypted-media; gyroscope; picture-in-picture; web-share\" referrerpolicy=\"strict-origin-when-cross-origin\" allowfullscreen><\/iframe>\n<\/div><\/figure>\n","protected":false},"excerpt":{"rendered":"<p>Movimento &#8220;Black Lives Matter&#8221; est\u00e1 sendo discutido e promovido no Col\u00e9gio Estadual Professor Carlos Valadares, localizado em Santa B\u00e1rbara, Bahia.\u00c9 iniciativa \u00e9 muito importante, especialmente em ambientes educacionais, onde \u00e9 poss\u00edvel sensibilizar e educar jovens sobre quest\u00f5es de racismo, desigualdade, e justi\u00e7a social.Atrav\u00e9s de Palestras, Workshops, Debates, Roda de Conversa para que os alunos possam [&hellip;]<\/p>\n","protected":false},"author":1,"featured_media":1008,"comment_status":"open","ping_status":"open","sticky":false,"template":"","format":"standard","meta":{"footnotes":""},"categories":[9,2],"tags":[46,14,30,29,31],"class_list":["post-1007","post","type-post","status-publish","format-standard","has-post-thumbnail","hentry","category-noticias","category-novidades","tag-black-lives-matter","tag-cepcv","tag-empreendedorismo","tag-feira-de-ciencias","tag-inovacao"],"_links":{"self":[{"href":"https:\/\/cepcvsantabarbara.com.br\/wp\/wp-json\/wp\/v2\/posts\/1007","targetHints":{"allow":["GET"]}}],"collection":[{"href":"https:\/\/cepcvsantabarbara.com.br\/wp\/wp-json\/wp\/v2\/posts"}],"about":[{"href":"https:\/\/cepcvsantabarbara.com.br\/wp\/wp-json\/wp\/v2\/types\/post"}],"author":[{"embeddable":true,"href":"https:\/\/cepcvsantabarbara.com.br\/wp\/wp-json\/wp\/v2\/users\/1"}],"replies":[{"embeddable":true,"href":"https:\/\/cepcvsantabarbara.com.br\/wp\/wp-json\/wp\/v2\/comments?post=1007"}],"version-history":[{"count":1,"href":"https:\/\/cepcvsantabarbara.com.br\/wp\/wp-json\/wp\/v2\/posts\/1007\/revisions"}],"predecessor-version":[{"id":1009,"href":"https:\/\/cepcvsantabarbara.com.br\/wp\/wp-json\/wp\/v2\/posts\/1007\/revisions\/1009"}],"wp:featuredmedia":[{"embeddable":true,"href":"https:\/\/cepcvsantabarbara.com.br\/wp\/wp-json\/wp\/v2\/media\/1008"}],"wp:attachment":[{"href":"https:\/\/cepcvsantabarbara.com.br\/wp\/wp-json\/wp\/v2\/media?parent=1007"}],"wp:term":[{"taxonomy":"category","embeddable":true,"href":"https:\/\/cepcvsantabarbara.com.br\/wp\/wp-json\/wp\/v2\/categories?post=1007"},{"taxonomy":"post_tag","embeddable":true,"href":"https:\/\/cepcvsantabarbara.com.br\/wp\/wp-json\/wp\/v2\/tags?post=1007"}],"curies":[{"name":"wp","href":"https:\/\/api.w.org\/{rel}","templated":true}]}}