{"id":1183,"date":"2024-11-16T23:13:32","date_gmt":"2024-11-16T23:13:32","guid":{"rendered":"http:\/\/cepcvsantabarbara.com.br\/wp\/?p=1183"},"modified":"2024-11-16T23:13:33","modified_gmt":"2024-11-16T23:13:33","slug":"foi-o-projeto-black-lives-matter-estrategias-de-combate-ao-racismo-dos-alunos-do-colegio-estadual-carlos-valadares-do-municipio-de-santa-barbara-que-alcancou-a-terceira-colocacao","status":"publish","type":"post","link":"https:\/\/cepcvsantabarbara.com.br\/wp\/2024\/11\/16\/foi-o-projeto-black-lives-matter-estrategias-de-combate-ao-racismo-dos-alunos-do-colegio-estadual-carlos-valadares-do-municipio-de-santa-barbara-que-alcancou-a-terceira-colocacao\/","title":{"rendered":"Foi o projeto \u2018Black Lives Matter: estrat\u00e9gias de combate ao racismo\u2019, dos alunos do Col\u00e9gio Estadual Carlos Valadares, do munic\u00edpio de Santa B\u00e1rbara, que alcan\u00e7ou a terceira coloca\u00e7\u00e3o na categoria Ci\u00eancias Sociais."},"content":{"rendered":"\n<p>Projetos apresentados por estudantes de tr\u00eas col\u00e9gios estaduais baianos alcan\u00e7aram as primeiras coloca\u00e7\u00f5es no Encuentro Internacional de Ciencias y Tecnolog\u00eda Estudiantil Fenosista (EICYTEF 2024), que aconteceu ao longo dessa semana, no Panam\u00e1.<\/p>\n\n\n\n<p>O Centro Juvenil de Vit\u00f3ria da Conquista, com o projeto \u2018Podcast na Educa\u00e7\u00e3o: a Biologia presente no Universo Geek\u2019, venceu na categoria Ci\u00eancias Biol\u00f3gicas. J\u00e1 na categoria Ci\u00eancias Sociais venceu o primeiro lugar o Col\u00e9gio Estadual Nilde Maria Monteiro Xavier, do munic\u00edpio de Palmeiras, com o projeto \u2018D&#8217;eco e Eco Velas Arom\u00e1ticas de \u00d3leo de Cozinha Reciclado\u2019. O trabalho dos estudantes da Chapada Diamantina tamb\u00e9m ficou com a segunda coloca\u00e7\u00e3o geral do encontro cient\u00edfico.<\/p>\n\n\n\n<p>Outro destaque foi o projeto \u2018Black Lives Matter: estrat\u00e9gias de combate ao racismo\u2019, dos alunos do Col\u00e9gio Estadual Carlos Valadares, do munic\u00edpio de Santa B\u00e1rbara, que alcan\u00e7ou a terceira coloca\u00e7\u00e3o na categoria Ci\u00eancias Sociais.<\/p>\n\n\n\n<p>O EICYTEF 2024 teve in\u00edcio na quarta-feira, 13, e foi encerrado nessa sexta, 15, com a participa\u00e7\u00e3o de estudantes de diferentes pa\u00edses latino-americanos.<\/p>\n\n\n\n<p>O projeto do Col\u00e9gio Estadual Nilde Maria Monteiro Xavier teve a orienta\u00e7\u00e3o do professor Jadson Souza e foi desenvolvido pelos estudantes Adriellen Santana, Gustavo Souza, Lucas de Almeida, Angelo de S\u00e1 Neto, Guto Gon\u00e7alves e Luna Kauane.<\/p>\n\n\n\n<p>J\u00e1 o projeto do col\u00e9gio de Vit\u00f3ria da Conquista, que explora conceitos biol\u00f3gicos presentes no universo afetivo dos adolescentes, como s\u00e9ries, filmes, jogos, entre outros, foi realizado pelas estudantes K\u00eania Costa Andrade, Rebeca Reis e Stela, sob a orienta\u00e7\u00e3o da professora de Biologia Karine Brand\u00e3o.<\/p>\n\n\n\n<p>A professora de L\u00edngua Inglesa Charlene Concei\u00e7\u00e3o de Jesus acompanhou os estudantes Ramon Santos da Silva e Vagner Santos Costa, do Col\u00e9gio Estadual Carlos Valadares, de Santa B\u00e1rbara. O projeto desenvolvido por eles aborda o letramento racial e o colorismo, a partir das aulas de L\u00edngua Inglesa.<\/p>\n\n\n\n<p>O EICYTEF \u00e9 uma organiza\u00e7\u00e3o formada por professores e alunos formados na Escola Pascual Venancio Fenosa do Distrito de Chepo, Prov\u00edncia do Panam\u00e1, Rep\u00fablica do Panam\u00e1, e que tem como objetivo fortalecer os la\u00e7os de fraternidade entre estudantes latino-americanos, por meio da ci\u00eancia e tecnologia educacional.<\/p>\n\n\n\n<p>fonte: https:\/\/atarde.com.br\/cultura\/estudantes-baianos-se-destacam-em-feira-cientifica-no-panama-1295801<\/p>\n","protected":false},"excerpt":{"rendered":"<p>Projetos apresentados por estudantes de tr\u00eas col\u00e9gios estaduais baianos alcan\u00e7aram as primeiras coloca\u00e7\u00f5es no Encuentro Internacional de Ciencias y Tecnolog\u00eda Estudiantil Fenosista (EICYTEF 2024), que aconteceu ao longo dessa semana, no Panam\u00e1. O Centro Juvenil de Vit\u00f3ria da Conquista, com o projeto \u2018Podcast na Educa\u00e7\u00e3o: a Biologia presente no Universo Geek\u2019, venceu na categoria Ci\u00eancias [&hellip;]<\/p>\n","protected":false},"author":1,"featured_media":1184,"comment_status":"open","ping_status":"open","sticky":false,"template":"","format":"standard","meta":{"footnotes":""},"categories":[9,2],"tags":[46,84,14,83,31,32],"class_list":["post-1183","post","type-post","status-publish","format-standard","has-post-thumbnail","hentry","category-noticias","category-novidades","tag-black-lives-matter","tag-categoria-ciencias-sociais","tag-cepcv","tag-eicytef-2024","tag-inovacao","tag-santa-barbara"],"_links":{"self":[{"href":"https:\/\/cepcvsantabarbara.com.br\/wp\/wp-json\/wp\/v2\/posts\/1183","targetHints":{"allow":["GET"]}}],"collection":[{"href":"https:\/\/cepcvsantabarbara.com.br\/wp\/wp-json\/wp\/v2\/posts"}],"about":[{"href":"https:\/\/cepcvsantabarbara.com.br\/wp\/wp-json\/wp\/v2\/types\/post"}],"author":[{"embeddable":true,"href":"https:\/\/cepcvsantabarbara.com.br\/wp\/wp-json\/wp\/v2\/users\/1"}],"replies":[{"embeddable":true,"href":"https:\/\/cepcvsantabarbara.com.br\/wp\/wp-json\/wp\/v2\/comments?post=1183"}],"version-history":[{"count":1,"href":"https:\/\/cepcvsantabarbara.com.br\/wp\/wp-json\/wp\/v2\/posts\/1183\/revisions"}],"predecessor-version":[{"id":1185,"href":"https:\/\/cepcvsantabarbara.com.br\/wp\/wp-json\/wp\/v2\/posts\/1183\/revisions\/1185"}],"wp:featuredmedia":[{"embeddable":true,"href":"https:\/\/cepcvsantabarbara.com.br\/wp\/wp-json\/wp\/v2\/media\/1184"}],"wp:attachment":[{"href":"https:\/\/cepcvsantabarbara.com.br\/wp\/wp-json\/wp\/v2\/media?parent=1183"}],"wp:term":[{"taxonomy":"category","embeddable":true,"href":"https:\/\/cepcvsantabarbara.com.br\/wp\/wp-json\/wp\/v2\/categories?post=1183"},{"taxonomy":"post_tag","embeddable":true,"href":"https:\/\/cepcvsantabarbara.com.br\/wp\/wp-json\/wp\/v2\/tags?post=1183"}],"curies":[{"name":"wp","href":"https:\/\/api.w.org\/{rel}","templated":true}]}}