{"id":210,"date":"2021-04-08T21:28:04","date_gmt":"2021-04-08T21:28:04","guid":{"rendered":"http:\/\/cepcvsantabarbara.com.br\/wp\/?p=210"},"modified":"2021-04-08T21:48:49","modified_gmt":"2021-04-08T21:48:49","slug":"requeijao-filosofico-e-o-mundo-atraves-da-geopolitica","status":"publish","type":"post","link":"https:\/\/cepcvsantabarbara.com.br\/wp\/2021\/04\/08\/requeijao-filosofico-e-o-mundo-atraves-da-geopolitica\/","title":{"rendered":"Requeij\u00e3o Filos\u00f3fico e o Mundo Atrav\u00e9s da Geopol\u00edtica"},"content":{"rendered":"\n<p>Na \u00faltima quarta-feira (06\/11), aconteceu o Requeij\u00e3o Filos\u00f3fico com o seguinte tema: O Mundo atrav\u00e9s da Geopol\u00edtica, o evento aconteceu no Col\u00e9gio Estadual Prof. Carlos Valadares (CEPCV), que teve como articuladores: Gladys Pantoja (Engenheira Ge\u00f3loga), Clauzio Maia (Engenheiro Ambiental), Ol\u00edvia Menezes (Professora), Hugo Damasceno (Professor de Hist\u00f3ria), Yan Allen (Professor de Hist\u00f3ria) e Joc\u00e9lio Costa Lima (Produtor Editorial, Empreendedor Social).<br>Na percep\u00e7\u00e3o da Gladys Pantoja, a geopol\u00edtica na Venezuela esta muito complicada devido ao duelo entre grupos pol\u00edticos locais, com isso gerando desabastecimento de produtos de alimenta\u00e7\u00e3o, de higiene, dentre outras necessidades b\u00e1sicas. \u201dComo resultado final, a pr\u00f3pria sociedade venezuelana vem perdendo, mesmo o pa\u00eds sendo grande produtor de petr\u00f3leo\u201d, declarou a venezuelana.<br>Clauzio Maia falou sobre a quest\u00e3o da entrega do Centro de Lan\u00e7amento de Alc\u00e2ntara (CLA) pelo Brasil para os Estados Unidos, e os erros da politica internacional do governo federal referente a geopol\u00edtica.<br>Para a jovem barbarense Ol\u00edvia Menezes, a experi\u00eancia da geopol\u00edtica foi bastante pr\u00e1tica. \u201catrav\u00e9s do intercambio universit\u00e1rio, tive a oportunidade de conhecer aproximadamente 25 pa\u00edses da regi\u00e3o da Europa e da \u00c1frica, onde pude perceber a aplica\u00e7\u00e3o dos direitos sociais em cada pa\u00eds\u201d, destacou Ol\u00edvia.<br>O professor Hugo abordou o momento hist\u00f3rico que o pa\u00eds est\u00e1 passado atrav\u00e9s da rela\u00e7\u00e3o do fascismo e o governo de extrema-direita no Brasil atual.<br>J\u00e1 o professor Yan Allen, chamou aten\u00e7\u00e3o dos alunos para a import\u00e2ncia das falas dos articuladores presente no Requeij\u00e3o Filos\u00f3fico e a import\u00e2ncia da educa\u00e7\u00e3o como ferramenta de transforma\u00e7\u00e3o social. Tamb\u00e9m informou que a realiza\u00e7\u00e3o do Requeij\u00e3o Filos\u00f3fico \u2013 O Mundo atrav\u00e9s da Geopol\u00edtica foi resultado de di\u00e1logo entre ele, Clauzio Maia e o Joc\u00e9lio Costa Lima, e que o evento que teve como finalidade incentivar os alunos do col\u00e9gio a compreender os conte\u00fados da disciplina da sociologia.<br>Equipe Requeij\u00e3o Filos\u00f3fico<\/p>\n\n\n\n<figure class=\"wp-block-gallery columns-3 is-cropped wp-block-gallery-1 is-layout-flex wp-block-gallery-is-layout-flex\"><ul class=\"blocks-gallery-grid\"><li class=\"blocks-gallery-item\"><figure><img loading=\"lazy\" decoding=\"async\" width=\"1024\" height=\"497\" src=\"http:\/\/cepcvsantabarbara.com.br\/wp\/wp-content\/uploads\/2021\/04\/foto-001-1024x497.jpg\" alt=\"\" data-id=\"212\" data-full-url=\"http:\/\/cepcvsantabarbara.com.br\/wp\/wp-content\/uploads\/2021\/04\/foto-001.jpg\" data-link=\"http:\/\/cepcvsantabarbara.com.br\/wp\/?attachment_id=212\" class=\"wp-image-212\" srcset=\"https:\/\/cepcvsantabarbara.com.br\/wp\/wp-content\/uploads\/2021\/04\/foto-001-1024x497.jpg 1024w, https:\/\/cepcvsantabarbara.com.br\/wp\/wp-content\/uploads\/2021\/04\/foto-001-300x146.jpg 300w, https:\/\/cepcvsantabarbara.com.br\/wp\/wp-content\/uploads\/2021\/04\/foto-001-768x373.jpg 768w, https:\/\/cepcvsantabarbara.com.br\/wp\/wp-content\/uploads\/2021\/04\/foto-001-820x398.jpg 820w, https:\/\/cepcvsantabarbara.com.br\/wp\/wp-content\/uploads\/2021\/04\/foto-001.jpg 1065w\" sizes=\"auto, (max-width: 1024px) 100vw, 1024px\" \/><\/figure><\/li><li class=\"blocks-gallery-item\"><figure><img loading=\"lazy\" decoding=\"async\" width=\"1024\" height=\"497\" src=\"http:\/\/cepcvsantabarbara.com.br\/wp\/wp-content\/uploads\/2021\/04\/foto-002-1-1024x497.jpg\" alt=\"\" data-id=\"213\" data-full-url=\"http:\/\/cepcvsantabarbara.com.br\/wp\/wp-content\/uploads\/2021\/04\/foto-002-1.jpg\" data-link=\"http:\/\/cepcvsantabarbara.com.br\/wp\/?attachment_id=213\" class=\"wp-image-213\" srcset=\"https:\/\/cepcvsantabarbara.com.br\/wp\/wp-content\/uploads\/2021\/04\/foto-002-1-1024x497.jpg 1024w, https:\/\/cepcvsantabarbara.com.br\/wp\/wp-content\/uploads\/2021\/04\/foto-002-1-300x146.jpg 300w, https:\/\/cepcvsantabarbara.com.br\/wp\/wp-content\/uploads\/2021\/04\/foto-002-1-768x373.jpg 768w, https:\/\/cepcvsantabarbara.com.br\/wp\/wp-content\/uploads\/2021\/04\/foto-002-1-820x398.jpg 820w, https:\/\/cepcvsantabarbara.com.br\/wp\/wp-content\/uploads\/2021\/04\/foto-002-1.jpg 1065w\" sizes=\"auto, (max-width: 1024px) 100vw, 1024px\" \/><\/figure><\/li><li class=\"blocks-gallery-item\"><figure><img loading=\"lazy\" decoding=\"async\" width=\"1024\" height=\"497\" src=\"http:\/\/cepcvsantabarbara.com.br\/wp\/wp-content\/uploads\/2021\/04\/foto-003-1024x497.jpg\" alt=\"\" data-id=\"214\" data-full-url=\"http:\/\/cepcvsantabarbara.com.br\/wp\/wp-content\/uploads\/2021\/04\/foto-003.jpg\" data-link=\"http:\/\/cepcvsantabarbara.com.br\/wp\/?attachment_id=214\" class=\"wp-image-214\" srcset=\"https:\/\/cepcvsantabarbara.com.br\/wp\/wp-content\/uploads\/2021\/04\/foto-003-1024x497.jpg 1024w, https:\/\/cepcvsantabarbara.com.br\/wp\/wp-content\/uploads\/2021\/04\/foto-003-300x146.jpg 300w, https:\/\/cepcvsantabarbara.com.br\/wp\/wp-content\/uploads\/2021\/04\/foto-003-768x373.jpg 768w, https:\/\/cepcvsantabarbara.com.br\/wp\/wp-content\/uploads\/2021\/04\/foto-003-820x398.jpg 820w, https:\/\/cepcvsantabarbara.com.br\/wp\/wp-content\/uploads\/2021\/04\/foto-003.jpg 1065w\" sizes=\"auto, (max-width: 1024px) 100vw, 1024px\" \/><\/figure><\/li><li class=\"blocks-gallery-item\"><figure><img loading=\"lazy\" decoding=\"async\" width=\"1024\" height=\"497\" src=\"http:\/\/cepcvsantabarbara.com.br\/wp\/wp-content\/uploads\/2021\/04\/foto-004-1024x497.jpg\" alt=\"\" data-id=\"215\" data-full-url=\"http:\/\/cepcvsantabarbara.com.br\/wp\/wp-content\/uploads\/2021\/04\/foto-004.jpg\" data-link=\"http:\/\/cepcvsantabarbara.com.br\/wp\/?attachment_id=215\" class=\"wp-image-215\" srcset=\"https:\/\/cepcvsantabarbara.com.br\/wp\/wp-content\/uploads\/2021\/04\/foto-004-1024x497.jpg 1024w, https:\/\/cepcvsantabarbara.com.br\/wp\/wp-content\/uploads\/2021\/04\/foto-004-300x146.jpg 300w, https:\/\/cepcvsantabarbara.com.br\/wp\/wp-content\/uploads\/2021\/04\/foto-004-768x373.jpg 768w, https:\/\/cepcvsantabarbara.com.br\/wp\/wp-content\/uploads\/2021\/04\/foto-004-820x398.jpg 820w, https:\/\/cepcvsantabarbara.com.br\/wp\/wp-content\/uploads\/2021\/04\/foto-004.jpg 1065w\" sizes=\"auto, (max-width: 1024px) 100vw, 1024px\" \/><\/figure><\/li><\/ul><\/figure>\n","protected":false},"excerpt":{"rendered":"<p>Na \u00faltima quarta-feira (06\/11), aconteceu o Requeij\u00e3o Filos\u00f3fico com o seguinte tema: O Mundo atrav\u00e9s da Geopol\u00edtica, o evento aconteceu no Col\u00e9gio Estadual Prof. Carlos Valadares (CEPCV), que teve como articuladores: Gladys Pantoja (Engenheira Ge\u00f3loga), Clauzio Maia (Engenheiro Ambiental), Ol\u00edvia Menezes (Professora), Hugo Damasceno (Professor de Hist\u00f3ria), Yan Allen (Professor de Hist\u00f3ria) e Joc\u00e9lio Costa [&hellip;]<\/p>\n","protected":false},"author":1,"featured_media":211,"comment_status":"open","ping_status":"open","sticky":false,"template":"","format":"standard","meta":{"footnotes":""},"categories":[8],"tags":[],"class_list":["post-210","post","type-post","status-publish","format-standard","has-post-thumbnail","hentry","category-projeto-requeijao-filosofico"],"_links":{"self":[{"href":"https:\/\/cepcvsantabarbara.com.br\/wp\/wp-json\/wp\/v2\/posts\/210","targetHints":{"allow":["GET"]}}],"collection":[{"href":"https:\/\/cepcvsantabarbara.com.br\/wp\/wp-json\/wp\/v2\/posts"}],"about":[{"href":"https:\/\/cepcvsantabarbara.com.br\/wp\/wp-json\/wp\/v2\/types\/post"}],"author":[{"embeddable":true,"href":"https:\/\/cepcvsantabarbara.com.br\/wp\/wp-json\/wp\/v2\/users\/1"}],"replies":[{"embeddable":true,"href":"https:\/\/cepcvsantabarbara.com.br\/wp\/wp-json\/wp\/v2\/comments?post=210"}],"version-history":[{"count":2,"href":"https:\/\/cepcvsantabarbara.com.br\/wp\/wp-json\/wp\/v2\/posts\/210\/revisions"}],"predecessor-version":[{"id":232,"href":"https:\/\/cepcvsantabarbara.com.br\/wp\/wp-json\/wp\/v2\/posts\/210\/revisions\/232"}],"wp:featuredmedia":[{"embeddable":true,"href":"https:\/\/cepcvsantabarbara.com.br\/wp\/wp-json\/wp\/v2\/media\/211"}],"wp:attachment":[{"href":"https:\/\/cepcvsantabarbara.com.br\/wp\/wp-json\/wp\/v2\/media?parent=210"}],"wp:term":[{"taxonomy":"category","embeddable":true,"href":"https:\/\/cepcvsantabarbara.com.br\/wp\/wp-json\/wp\/v2\/categories?post=210"},{"taxonomy":"post_tag","embeddable":true,"href":"https:\/\/cepcvsantabarbara.com.br\/wp\/wp-json\/wp\/v2\/tags?post=210"}],"curies":[{"name":"wp","href":"https:\/\/api.w.org\/{rel}","templated":true}]}}