{"id":576,"date":"2023-03-28T11:43:54","date_gmt":"2023-03-28T11:43:54","guid":{"rendered":"http:\/\/cepcvsantabarbara.com.br\/wp\/?p=576"},"modified":"2023-03-29T13:34:50","modified_gmt":"2023-03-29T13:34:50","slug":"live-requeijao-filosofico-em-prol-do-dia-mundial-da-agua","status":"publish","type":"post","link":"https:\/\/cepcvsantabarbara.com.br\/wp\/2023\/03\/28\/live-requeijao-filosofico-em-prol-do-dia-mundial-da-agua\/","title":{"rendered":"Live Requeij\u00e3o Filos\u00f3fico em prol do DIA MUNDIAL DA \u00c1GUA"},"content":{"rendered":"\n<p>Live Requeij\u00e3o Filos\u00f3fico em prol do DIA MUNDIAL DA \u00c1GUA<br>O Dia Mundial da \u00c1gua, celebrado a cada 22 de mar\u00e7o, \u00e9 marcado por uma s\u00e9rie de atividades voltadas \u00e0 tem\u00e1tica, o Col\u00e9gio Estadual Prof. Carlos Valadares e Projeto Sou Barbarense realizou comemora\u00e7\u00e3o sobre a tem\u00e1tica DIA MUNDIAL DA \u00c1GUA. Col\u00e9gio Estadual Prof. Carlos Valadares, no munic\u00edpio de Santa B\u00e1rbara, que promoveu, na \u00faltima quarta-feira (22), a Live Requeij\u00e3o Filos\u00f3fico sobre meio ambiente e preserva\u00e7\u00e3o da \u00e1gua, cuidados com o recurso h\u00eddrico e polui\u00e7\u00e3o e conserva\u00e7\u00e3o da \u00e1gua.<br>Com a participa\u00e7\u00e3o Rita Ribeiro (Coord. no Col\u00e9gio Estadual Prof. Carlos Valadares &#8211; CEPCV); Jorge Dias (Prof. no CEPCV); Isabela Camargo (Prof\u00aa do CEPCV ); Engenheiro Clauzio (Engenheiro Ambiental, Articulador do Programa Nossa Santa B\u00e1rbara Sustent\u00e1vel) e a media\u00e7\u00e3o de Joc\u00e9lio Costa (Produtor Editorial e Empreendedor Social).<br>Com transmiss\u00e3o no canal www.youtube.com\/c\/SouBarbarense<\/p>\n","protected":false},"excerpt":{"rendered":"<p>Live Requeij\u00e3o Filos\u00f3fico em prol do DIA MUNDIAL DA \u00c1GUAO Dia Mundial da \u00c1gua, celebrado a cada 22 de mar\u00e7o, \u00e9 marcado por uma s\u00e9rie de atividades voltadas \u00e0 tem\u00e1tica, o Col\u00e9gio Estadual Prof. Carlos Valadares e Projeto Sou Barbarense realizou comemora\u00e7\u00e3o sobre a tem\u00e1tica DIA MUNDIAL DA \u00c1GUA. Col\u00e9gio Estadual Prof. Carlos Valadares, no [&hellip;]<\/p>\n","protected":false},"author":1,"featured_media":577,"comment_status":"closed","ping_status":"closed","sticky":false,"template":"","format":"standard","meta":{"footnotes":""},"categories":[9,2,8],"tags":[14,26],"class_list":["post-576","post","type-post","status-publish","format-standard","has-post-thumbnail","hentry","category-noticias","category-novidades","category-projeto-requeijao-filosofico","tag-cepcv","tag-requeijao-filosofico"],"_links":{"self":[{"href":"https:\/\/cepcvsantabarbara.com.br\/wp\/wp-json\/wp\/v2\/posts\/576","targetHints":{"allow":["GET"]}}],"collection":[{"href":"https:\/\/cepcvsantabarbara.com.br\/wp\/wp-json\/wp\/v2\/posts"}],"about":[{"href":"https:\/\/cepcvsantabarbara.com.br\/wp\/wp-json\/wp\/v2\/types\/post"}],"author":[{"embeddable":true,"href":"https:\/\/cepcvsantabarbara.com.br\/wp\/wp-json\/wp\/v2\/users\/1"}],"replies":[{"embeddable":true,"href":"https:\/\/cepcvsantabarbara.com.br\/wp\/wp-json\/wp\/v2\/comments?post=576"}],"version-history":[{"count":1,"href":"https:\/\/cepcvsantabarbara.com.br\/wp\/wp-json\/wp\/v2\/posts\/576\/revisions"}],"predecessor-version":[{"id":578,"href":"https:\/\/cepcvsantabarbara.com.br\/wp\/wp-json\/wp\/v2\/posts\/576\/revisions\/578"}],"wp:featuredmedia":[{"embeddable":true,"href":"https:\/\/cepcvsantabarbara.com.br\/wp\/wp-json\/wp\/v2\/media\/577"}],"wp:attachment":[{"href":"https:\/\/cepcvsantabarbara.com.br\/wp\/wp-json\/wp\/v2\/media?parent=576"}],"wp:term":[{"taxonomy":"category","embeddable":true,"href":"https:\/\/cepcvsantabarbara.com.br\/wp\/wp-json\/wp\/v2\/categories?post=576"},{"taxonomy":"post_tag","embeddable":true,"href":"https:\/\/cepcvsantabarbara.com.br\/wp\/wp-json\/wp\/v2\/tags?post=576"}],"curies":[{"name":"wp","href":"https:\/\/api.w.org\/{rel}","templated":true}]}}